{"id":84,"date":"2020-07-10T21:16:25","date_gmt":"2020-07-10T21:16:25","guid":{"rendered":"http:\/\/cozumelnoticias.com\/?p=84"},"modified":"2020-07-10T21:16:25","modified_gmt":"2020-07-10T21:16:25","slug":"amlo-hace-vibrar-la-casa-blanca-con-el-grito-de-viva-mexico","status":"publish","type":"post","link":"https:\/\/xn--mscarasypolticascozumel-t5b42a.com\/?p=84","title":{"rendered":"AMLO hace vibrar la Casa Blanca con el grito de \u201cViva M\u00e9xico\u201d"},"content":{"rendered":"<p>&nbsp;<\/p>\n<p>El presidente Andr\u00e9s Manuel L\u00f3pez Obrador cerr\u00f3 su primer discurso p\u00fablico frente a Donald Trump con una arenga nacionalista, como ning\u00fan presidente lo hab\u00eda hecho en la Casa Blanca.<\/p>\n<p>\u201c\u00a1Viva M\u00e9xico! \u00a1Viva M\u00e9xico! \u00a1Viva M\u00e9xico!\u201d, exclam\u00f3 en el Jard\u00edn de las Rosas. Arenga que reson\u00f3 en la Residencia Oficial del mandatario estadunidense. En la calles cercanas, una fiesta mexicana que no esper\u00f3 al 16 de septiembre.<\/p>\n<p><span style=\"font-size: 15px; font-weight: 300;\">La primera gira de trabajo de L\u00f3pez Obrador por Estados Unidos fue una secuencia de s\u00edmbolos que inici\u00f3 con la colocaci\u00f3n de ofrendas florales en el memorial a Abraham Lincoln y la estatua de Benito Ju\u00e1rez en Washington.<\/span><\/p>\n<p><span style=\"font-size: 15px; font-weight: 300;\"> Y qued\u00f3 consolidada con la corbata color verde con estampados del \u00e1guila juarista, que port\u00f3 durante el primer encuentro con su hom\u00f3logo estadunidense.\u00a0 <\/span><\/p>\n<p><span style=\"font-size: 15px; font-weight: 300;\">Durante su primer discurso, el presidente mexicano se dio tiempo para referirse tambi\u00e9n a los h\u00e9roes nacionales de la uni\u00f3n americana: a Abraham Lincoln por nunca reconocer a Maximiliano como emperador de M\u00e9xico y a Franklin Delano Roosevelt por su actitud frente a la expropiaci\u00f3n petrolera.\u00a0\u00a0<\/span><\/p>\n","protected":false},"excerpt":{"rendered":"<p>&nbsp; El presidente Andr\u00e9s Manuel L\u00f3pez Obrador cerr\u00f3 su primer discurso p\u00fablico frente a Donald&#8230;<\/p>\n","protected":false},"author":1,"featured_media":85,"comment_status":"open","ping_status":"open","sticky":false,"template":"","format":"standard","meta":{"footnotes":""},"categories":[12],"tags":[],"class_list":["post-84","post","type-post","status-publish","format-standard","has-post-thumbnail","hentry","category-nacional"],"jetpack_featured_media_url":"https:\/\/xn--mscarasypolticascozumel-t5b42a.com\/wp-content\/uploads\/2020\/07\/Screenshot_231.png","_links":{"self":[{"href":"https:\/\/xn--mscarasypolticascozumel-t5b42a.com\/index.php?rest_route=\/wp\/v2\/posts\/84","targetHints":{"allow":["GET"]}}],"collection":[{"href":"https:\/\/xn--mscarasypolticascozumel-t5b42a.com\/index.php?rest_route=\/wp\/v2\/posts"}],"about":[{"href":"https:\/\/xn--mscarasypolticascozumel-t5b42a.com\/index.php?rest_route=\/wp\/v2\/types\/post"}],"author":[{"embeddable":true,"href":"https:\/\/xn--mscarasypolticascozumel-t5b42a.com\/index.php?rest_route=\/wp\/v2\/users\/1"}],"replies":[{"embeddable":true,"href":"https:\/\/xn--mscarasypolticascozumel-t5b42a.com\/index.php?rest_route=%2Fwp%2Fv2%2Fcomments&post=84"}],"version-history":[{"count":0,"href":"https:\/\/xn--mscarasypolticascozumel-t5b42a.com\/index.php?rest_route=\/wp\/v2\/posts\/84\/revisions"}],"wp:featuredmedia":[{"embeddable":true,"href":"https:\/\/xn--mscarasypolticascozumel-t5b42a.com\/index.php?rest_route=\/wp\/v2\/media\/85"}],"wp:attachment":[{"href":"https:\/\/xn--mscarasypolticascozumel-t5b42a.com\/index.php?rest_route=%2Fwp%2Fv2%2Fmedia&parent=84"}],"wp:term":[{"taxonomy":"category","embeddable":true,"href":"https:\/\/xn--mscarasypolticascozumel-t5b42a.com\/index.php?rest_route=%2Fwp%2Fv2%2Fcategories&post=84"},{"taxonomy":"post_tag","embeddable":true,"href":"https:\/\/xn--mscarasypolticascozumel-t5b42a.com\/index.php?rest_route=%2Fwp%2Fv2%2Ftags&post=84"}],"curies":[{"name":"wp","href":"https:\/\/api.w.org\/{rel}","templated":true}]}}